{"id":7877,"date":"2018-08-14T17:11:59","date_gmt":"2018-08-14T15:11:59","guid":{"rendered":"https:\/\/udv.edu.gt\/noticia\/carrera-da-vinci-2018-2\/"},"modified":"2025-11-12T22:32:09","modified_gmt":"2025-11-12T21:32:09","slug":"carrera-da-vinci-2018-2","status":"publish","type":"noticia","link":"https:\/\/udv.edu.gt\/en\/noticia\/carrera-da-vinci-2018-2\/","title":{"rendered":"Carrera Da Vinci 2018"},"content":{"rendered":"<p>El domingo 12 de agosto, Universidad Da Vinci de Guatemala celebr\u00f3 por segunda vez la Carrera Da Vinci, un evento a beneficio de Olimpiadas Especiales Guatemala, instituci\u00f3n que abre sus puertas a personas con discapacidad intelectual, proporcionando entrenamiento y compekktici\u00f3n deportiva gratuita en 15 disciplinas.<\/p>","protected":false},"featured_media":8680,"template":"","categories":[],"tags":[],"class_list":["post-7877","noticia","type-noticia","status-publish","has-post-thumbnail","hentry"],"acf":[],"aioseo_notices":[],"_links":{"self":[{"href":"https:\/\/udv.edu.gt\/en\/wp-json\/wp\/v2\/noticia\/7877","targetHints":{"allow":["GET"]}}],"collection":[{"href":"https:\/\/udv.edu.gt\/en\/wp-json\/wp\/v2\/noticia"}],"about":[{"href":"https:\/\/udv.edu.gt\/en\/wp-json\/wp\/v2\/types\/noticia"}],"version-history":[{"count":1,"href":"https:\/\/udv.edu.gt\/en\/wp-json\/wp\/v2\/noticia\/7877\/revisions"}],"predecessor-version":[{"id":8681,"href":"https:\/\/udv.edu.gt\/en\/wp-json\/wp\/v2\/noticia\/7877\/revisions\/8681"}],"wp:featuredmedia":[{"embeddable":true,"href":"https:\/\/udv.edu.gt\/en\/wp-json\/wp\/v2\/media\/8680"}],"wp:attachment":[{"href":"https:\/\/udv.edu.gt\/en\/wp-json\/wp\/v2\/media?parent=7877"}],"wp:term":[{"taxonomy":"category","embeddable":true,"href":"https:\/\/udv.edu.gt\/en\/wp-json\/wp\/v2\/categories?post=7877"},{"taxonomy":"post_tag","embeddable":true,"href":"https:\/\/udv.edu.gt\/en\/wp-json\/wp\/v2\/tags?post=7877"}],"curies":[{"name":"wp","href":"https:\/\/api.w.org\/{rel}","templated":true}]}}