{"id":7906,"date":"2019-05-16T10:59:10","date_gmt":"2019-05-16T08:59:10","guid":{"rendered":"https:\/\/udv.edu.gt\/noticia\/jandir-rodriguez-musico-revolucionario\/"},"modified":"2019-05-16T10:59:10","modified_gmt":"2019-05-16T08:59:10","slug":"jandir-rodriguez-musico-revolucionario","status":"publish","type":"noticia","link":"https:\/\/udv.edu.gt\/en\/noticia\/jandir-rodriguez-musico-revolucionario\/","title":{"rendered":"Jandir Rodr\u00edguez, M\u00fasico Revolucionario"},"content":{"rendered":"<p><span style=\"font-weight: 400;\">Jandir Rodr\u00edguez es un joven nicarag\u00fcense de 25 a\u00f1os, naci\u00f3 en San Rafael del Norte, Jinotega. Desde peque\u00f1o creci\u00f3 rodeado de m\u00fasica ya que la familia de su pap\u00e1 se ha dedicado por generaciones a la m\u00fasica filarm\u00f3nica. Inici\u00f3 a tocar el piano a los 10 a\u00f1os y a componer canciones a los 21. Su conocimiento se desarroll\u00f3 de manera emp\u00edrica. <\/span><span style=\"font-weight: 400;\">Por la situaci\u00f3n socio-pol\u00edtica de Nicaragua, tuvo que salir del pa\u00eds. \u201cEn noviembre (2018) me invitaron a un campamento internacional de cantautores que iba a ser en Guatemala y all\u00ed conoc\u00ed a Jacobo (Nitsch) y a un muchacho que est\u00e1 exiliado ac\u00e1 que me invit\u00f3 a quedarme para evitar que me persiguieran en Nicaragua.\u201d Ahora vive en Guatemala y tuvo la oportunidad de iniciar sus estudios en Universidad Da Vinci en la Licenciatura de Ejecuci\u00f3n Musical. <\/span><\/p>\n<p><strong>\u00bfC\u00f3mo surge la idea de la canci\u00f3n H\u00e9roes de Abril?<\/strong><\/p>\n<p><span style=\"font-weight: 400;\">\u201cCuando estallaron las protestas en abril del a\u00f1o pasado yo ya compon\u00eda canciones. Fui de los estudiantes que estuvo en las protestas y marchas antigubernamentales y la universidad a la que asist\u00eda fue de las primeras que se levant\u00f3. El 21 de abril nos atacaron los polic\u00edas con gas lacrim\u00f3geno, balas de goma y balas de plomo. Much\u00edsimos j\u00f3venes estuvimos al borde de morir esa tarde y eso me marc\u00f3.<\/span><\/p>\n<p><span style=\"font-weight: 400;\">Escrib\u00ed la canci\u00f3n H\u00e9roes de Abril cuando llev\u00e1bamos un mes de protesta y ya iban 67 muertos. Esta canci\u00f3n en pocas horas, el mismo d\u00eda, se hizo viral. Era una cr\u00f3nica de lo que estaba pasando en el pa\u00eds y de los aspectos m\u00e1s importantes de todo lo que hab\u00eda pasado en ese mes de protestas. Todo este contexto me hizo escribir lo que mi pueblo estaba viviendo, como consecuencia recib\u00ed amenazas y tuve que salir del pa\u00eds.\u201d<\/span><\/p>\n<p><strong>\u00bfQu\u00e9 piensas del arte como instrumento de cambio social? <\/strong><\/p>\n<p><span style=\"font-weight: 400;\">\u201cSiempre he dicho que la m\u00fasica y el arte son un arma muy fuerte de transformaci\u00f3n social. Particularmente en Nicaragua el arte ha tenido mucha trascendencia este a\u00f1o de protestas. Por medio del arte es que la gente se ha seguido expresando, manifestando y ha llegado a los o\u00eddos de la comunidad internacional. Ha jugado un papel muy importante pues tenemos grandes exponentes que han denunciado al r\u00e9gimen por todo el mundo en organizaciones internacionales como la OEA y la ONU y eso nos ha ayudado a que la comunidad internacional ponga los ojos y los o\u00eddos en Nicaragua. La gente me escribe diciendo que mis canciones les dan esperanza, (&#8230;) entonces yo creo que sin el arte no se puede hacer una revoluci\u00f3n. No es solo cantar por cantar es concientizar, hacer que los pa\u00edses vean el reflejo de nicaragua y no se cometan los mismos errores en los dem\u00e1s pa\u00edses.\u201d <\/span><\/p>\n<p><strong>Con la vista hacia el futuro <\/strong><\/p>\n<p><span style=\"font-weight: 400;\">Ahora Jandir planea una gira por varios pa\u00edses de Europa como Espa\u00f1a, Dinamarca, Suecia, Alemania e Italia. La gira est\u00e1 contemplada del 1 de junio al 14 de julio, pero queda abierto a la posibilidad de pactar fechas en otros pa\u00edses, como Francia e Inglaterra. La gira llevar\u00e1 su m\u00fasica y el mensaje del pueblo nicarag\u00fcense al otro lado del mundo, adem\u00e1s servir\u00e1 como plataforma para su disco llamado H\u00e9roes de Abril, que se lanzar\u00e1 a finales de mayo. A\u00fan est\u00e1 en sus planes hacer una gira por Estados Unidos y grabar el siguiente disco. El tema de su pr\u00f3xima producci\u00f3n le gustar\u00eda hacerlo de otras tem\u00e1ticas, pero siempre en un contexto social. <\/span><\/p>\n<p><span style=\"font-weight: 400;\">\u201cMis canciones intentan dar \u00e1nimo y fuerza a mi gente y alertar a los dem\u00e1s pa\u00edses de no tomar ese ejemplo. De hacer todo lo posible para que nuestros pa\u00edses vivan en democracia. En ese sentido mi m\u00fasica est\u00e1 dedicada a toda Latinoam\u00e9rica que vive momentos de grandes crisis pol\u00edticas.\u201d<\/span><\/p>","protected":false},"featured_media":6636,"template":"","categories":[],"tags":[],"class_list":["post-7906","noticia","type-noticia","status-publish","has-post-thumbnail","hentry"],"acf":[],"aioseo_notices":[],"_links":{"self":[{"href":"https:\/\/udv.edu.gt\/en\/wp-json\/wp\/v2\/noticia\/7906","targetHints":{"allow":["GET"]}}],"collection":[{"href":"https:\/\/udv.edu.gt\/en\/wp-json\/wp\/v2\/noticia"}],"about":[{"href":"https:\/\/udv.edu.gt\/en\/wp-json\/wp\/v2\/types\/noticia"}],"version-history":[{"count":0,"href":"https:\/\/udv.edu.gt\/en\/wp-json\/wp\/v2\/noticia\/7906\/revisions"}],"wp:featuredmedia":[{"embeddable":true,"href":"https:\/\/udv.edu.gt\/en\/wp-json\/wp\/v2\/media\/6636"}],"wp:attachment":[{"href":"https:\/\/udv.edu.gt\/en\/wp-json\/wp\/v2\/media?parent=7906"}],"wp:term":[{"taxonomy":"category","embeddable":true,"href":"https:\/\/udv.edu.gt\/en\/wp-json\/wp\/v2\/categories?post=7906"},{"taxonomy":"post_tag","embeddable":true,"href":"https:\/\/udv.edu.gt\/en\/wp-json\/wp\/v2\/tags?post=7906"}],"curies":[{"name":"wp","href":"https:\/\/api.w.org\/{rel}","templated":true}]}}