{"id":8046,"date":"2020-02-11T12:14:09","date_gmt":"2020-02-11T11:14:09","guid":{"rendered":"https:\/\/udv.edu.gt\/noticia\/facultad-de-musica-inaugura-carreras-en-quetzaltenango\/"},"modified":"2020-02-11T12:14:09","modified_gmt":"2020-02-11T11:14:09","slug":"facultad-de-musica-inaugura-carreras-en-quetzaltenango","status":"publish","type":"noticia","link":"https:\/\/udv.edu.gt\/en\/noticia\/facultad-de-musica-inaugura-carreras-en-quetzaltenango\/","title":{"rendered":"Facultad de M\u00fasica inaugura carreras en Quetzaltenango"},"content":{"rendered":"<p>Quetzaltenango es un departamento que se ha caracterizado por ser cuna de m\u00fasicos reconocidos, como Paco P\u00e9rez y Domingo Bethancourt, quienes aportaron al reportorio musical melod\u00edas como Luna de Xelaj\u00fa y Ferrocarril de los altos, respectivamente.<\/p>\n<p>Formar m\u00fasicos que contribuyan a enriquecer el repertorio guatemalteco, as\u00ed como formar m\u00fasicos, compositores, directores y maestros es lo que Universidad Da Vinci de Guatemala busca por medio de la <a href=\"https:\/\/udv.edu.gt\/en\/facultad\/facultad-de-musica\/\"><strong>Facultad de M\u00fasica<\/strong><\/a>, \u00fanica en Centroam\u00e9rica, que este a\u00f1o abri\u00f3 las carreras de Profesorado y T\u00e9cnico en Ejecuci\u00f3n Musical en Quetzaltenango.<\/p>\n<p>Para darles la bienvenida a los estudiantes de nuevo ingreso, la facultad realiz\u00f3 la lecci\u00f3n inaugural en el aula magna de la sede de esta casa de estudios en Quetzaltenango, en donde estuvieron presentes el se\u00f1or Rector, Dr. Jos\u00e9 Cyrano Ru\u00edz, el decano de la Facultad de M\u00fasica, Msc. Jacobo Nitsch, y el coordinador acad\u00e9mico, Mgtr. Gilmar Mej\u00eda. El tema principal de la charla, a cargo del M.Sc. Nitsch, se centr\u00f3 en como el manejo del tiempo es el mejor aliado para el \u00e9xito profesional.<\/p>\n<p>La Facultad de M\u00fasica da la bienvenida a los nuevos m\u00fasicos guatemaltecos que empiezan su formaci\u00f3n profesional y desean transformar la sociedad por medio de la m\u00fasica, que es capaz de unir a las personas y derribar barreras.<\/p>","protected":false},"featured_media":6906,"template":"","categories":[],"tags":[],"class_list":["post-8046","noticia","type-noticia","status-publish","has-post-thumbnail","hentry"],"acf":[],"aioseo_notices":[],"_links":{"self":[{"href":"https:\/\/udv.edu.gt\/en\/wp-json\/wp\/v2\/noticia\/8046","targetHints":{"allow":["GET"]}}],"collection":[{"href":"https:\/\/udv.edu.gt\/en\/wp-json\/wp\/v2\/noticia"}],"about":[{"href":"https:\/\/udv.edu.gt\/en\/wp-json\/wp\/v2\/types\/noticia"}],"version-history":[{"count":0,"href":"https:\/\/udv.edu.gt\/en\/wp-json\/wp\/v2\/noticia\/8046\/revisions"}],"wp:featuredmedia":[{"embeddable":true,"href":"https:\/\/udv.edu.gt\/en\/wp-json\/wp\/v2\/media\/6906"}],"wp:attachment":[{"href":"https:\/\/udv.edu.gt\/en\/wp-json\/wp\/v2\/media?parent=8046"}],"wp:term":[{"taxonomy":"category","embeddable":true,"href":"https:\/\/udv.edu.gt\/en\/wp-json\/wp\/v2\/categories?post=8046"},{"taxonomy":"post_tag","embeddable":true,"href":"https:\/\/udv.edu.gt\/en\/wp-json\/wp\/v2\/tags?post=8046"}],"curies":[{"name":"wp","href":"https:\/\/api.w.org\/{rel}","templated":true}]}}