{"id":8369,"date":"2022-08-29T12:19:20","date_gmt":"2022-08-29T10:19:20","guid":{"rendered":"https:\/\/udv.edu.gt\/noticia\/universidad-da-vinci-se-enorgullece-de-anunciar-su-nueva-carrera-en-odontologia\/"},"modified":"2022-08-29T12:19:20","modified_gmt":"2022-08-29T10:19:20","slug":"universidad-da-vinci-se-enorgullece-de-anunciar-su-nueva-carrera-en-odontologia","status":"publish","type":"noticia","link":"https:\/\/udv.edu.gt\/en\/noticia\/universidad-da-vinci-se-enorgullece-de-anunciar-su-nueva-carrera-en-odontologia\/","title":{"rendered":"Universidad Da Vinci anuncia nueva carrera en Odontolog\u00eda"},"content":{"rendered":"<p><span style=\"font-weight: 400;\">Universidad Da Vinci a lo largo de 10 a\u00f1os ha llevado a cabo la ardua labor de formar acad\u00e9micamente a excelentes profesionales dispuestos a servir a Guatemala. Con 10 facultades a su cargo, es una universidad que cubre las solicitudes de estudiantes que buscan transformar su futuro integr\u00e1ndose a \u00e1mbitos que van desde la ingenier\u00eda, la medicina, la arquitectura y finanzas hasta carreras m\u00e1s especializadas como la criminolog\u00eda y la m\u00fasica.<\/span><\/p>\n<p><span style=\"font-weight: 400;\">El mi\u00e9rcoles 17 de agosto en el sal\u00f3n Vitruvio del Campus Central Huehuetenango se llev\u00f3 a cabo <\/span><b>la primera sesi\u00f3n informativa de la carrera de Odontolog\u00eda<\/b><span style=\"font-weight: 400;\">, con la participaci\u00f3n de autoridades de Universidad Da Vinci con el Vicerrector Acad\u00e9mico el Dr. Juan L<\/span><span style=\"font-weight: 400;\">uis Fuentes Fumagalli, Vicerrector de Docencia Mgtr. An\u00edbal Arizmendi Mart\u00ednez, Director Acad\u00e9mico del Campus Mgtr. Danilo Alvarado, Decano de la Facultad de Medicina Dr. Guillermo Ch\u00e1vez con el acompa\u00f1amiento de los odont\u00f3logos el Dr. Carlos Alvarado Cerezo y su hijo el Dr. Carlos Alvarado Barrios. En dicha reuni\u00f3n participaron alumnos y padres de familia interesados en la carrera de <\/span><b>Odontolog\u00eda <\/b><span style=\"font-weight: 400;\">que se abrir\u00e1 en el 2023 en Huehuetenango.<\/span><\/p>\n<p><span style=\"font-weight: 400;\">Para UDV anunciar esta nueva carrera es el resultado de mucho trabajo, planeaci\u00f3n y sobretodo la b\u00fasqueda de m\u00e9dicos profesionales altamente capacitados y reconocidos para que fueran los encargados de liderar la formaci\u00f3n universitaria de los estudiantes que sue\u00f1an con contribuir al resguardo de la salud dental de los guatemaltecos<\/span><\/p>\n<p><span style=\"font-weight: 400;\">Si deseas m\u00e1s informaci\u00f3n sobre la carrera de Odontolog\u00eda, te puedes comunicar al <\/span><span style=\"font-weight: 400;\">77280777 o al 47124538. Tambi\u00e9n al correo electr\u00f3nico <\/span><span style=\"font-weight: 400;\">infohuehue@udv.edu.gt<\/span><span style=\"font-weight: 400;\"> <\/span><\/p>\n<p><span style=\"font-weight: 400;\">\u00a1Somos Educaci\u00f3n que Transforma!<\/span><\/p>","protected":false},"featured_media":6049,"template":"","categories":[],"tags":[],"class_list":["post-8369","noticia","type-noticia","status-publish","has-post-thumbnail","hentry"],"acf":[],"aioseo_notices":[],"_links":{"self":[{"href":"https:\/\/udv.edu.gt\/en\/wp-json\/wp\/v2\/noticia\/8369","targetHints":{"allow":["GET"]}}],"collection":[{"href":"https:\/\/udv.edu.gt\/en\/wp-json\/wp\/v2\/noticia"}],"about":[{"href":"https:\/\/udv.edu.gt\/en\/wp-json\/wp\/v2\/types\/noticia"}],"version-history":[{"count":0,"href":"https:\/\/udv.edu.gt\/en\/wp-json\/wp\/v2\/noticia\/8369\/revisions"}],"wp:featuredmedia":[{"embeddable":true,"href":"https:\/\/udv.edu.gt\/en\/wp-json\/wp\/v2\/media\/6049"}],"wp:attachment":[{"href":"https:\/\/udv.edu.gt\/en\/wp-json\/wp\/v2\/media?parent=8369"}],"wp:term":[{"taxonomy":"category","embeddable":true,"href":"https:\/\/udv.edu.gt\/en\/wp-json\/wp\/v2\/categories?post=8369"},{"taxonomy":"post_tag","embeddable":true,"href":"https:\/\/udv.edu.gt\/en\/wp-json\/wp\/v2\/tags?post=8369"}],"curies":[{"name":"wp","href":"https:\/\/api.w.org\/{rel}","templated":true}]}}