{"id":8370,"date":"2022-08-30T09:19:02","date_gmt":"2022-08-30T07:19:02","guid":{"rendered":"https:\/\/udv.edu.gt\/noticia\/campus-central-huehuetenango-gradua-a-la-primera-promocion-de-ingenieros-industriales\/"},"modified":"2025-11-12T21:47:00","modified_gmt":"2025-11-12T20:47:00","slug":"campus-central-huehuetenango-gradua-a-la-primera-promocion-de-ingenieros-industriales","status":"publish","type":"noticia","link":"https:\/\/udv.edu.gt\/en\/noticia\/campus-central-huehuetenango-gradua-a-la-primera-promocion-de-ingenieros-industriales\/","title":{"rendered":"Campus Central Huehuetenango grad\u00faa a la Primera Promoci\u00f3n de Ingenieros Industriales"},"content":{"rendered":"<p>El d\u00eda 26 de agosto en el sal\u00f3n Vitruvio se llev\u00f3 a cabo la graduaci\u00f3n de la Primera Promoci\u00f3n de Ingenieros Industriales quienes se formaron en las aulas de nuestro Campus Central Huehuetenango. Durante el acto estuvieron presentes autoridades de la Universidad, Representantes del Colegio de Ingenieros de Guatemala de junta directiva y tambi\u00e9n el coordinador de la sede de Huehuetenango, as\u00ed tambi\u00e9n invitados especiales de los graduandos. Participaron en el acto la Directora Administrativa del Campus, representantes del Consejo de Fiduciarios, Consejo Acad\u00e9mico y el   Coordinador de la Subsede Del CIG en Huhuetenango Ing. Edgar V\u00e1squez.<\/p>\n<p>El acto dio inicio con las palabras de bienvenida a cargo del Magister An\u00edbal Arizmendy Mart\u00ednez,  Vicerrector de Docencia quien hizo referencia que la carrera de Ingenier\u00eda fue una de las primeras carreras que iniciaron en el Campus Central de Huehuetenango en su fundaci\u00f3n, y hoy es un d\u00eda lleno de alegr\u00eda, de felicidad y de orgullo donde los cinco profesionales de Ingenier\u00eda Industrial han recibido su t\u00edtulo, tres de ellos estuvieron presentes en este acto de graduaci\u00f3n, dos por motivos laborales se encuentran fuera del pa\u00eds lo cual representa para la familia davinciana una notable satisfacci\u00f3n de su inserci\u00f3n laboral, tambi\u00e9n envi\u00f3 un cordial saludo a nombre del se\u00f1or Rector el Dr. Jos\u00e9 Cyrano Ruiz Cabarr\u00fas.<\/p>\n<p>Ing. Josu\u00e9 Joel Rodas representante y vocal 1 de la junta directiva del Colegio de Ingenieros de Guatemala felicit\u00f3 a los graduandos como nuevos profesionales,<\/p>\n<p>Como nueva profesional Ingeniera Sheraldina Mishel Crispin Aguirre dio las palabras como graduanda distinguida, brindando un emotivo mensaje en donde manifest\u00f3 que este acto es un sue\u00f1o alcanzado, una inmensa responsabilidad, pero tambi\u00e9n un honor por los a\u00f1os de esfuerzo en que han trabajado, agradecido a su alma mater tambi\u00e9n a todos los profesionales docentes que brindaron c\u00e1tedras, visitas t\u00e9cnicas y muchas experiencias de esfuerzo, perseverancia y tambi\u00e9n de amistades que hoy los acompa\u00f1an.<\/p>\n<p>La Decana de la Facultad de Ingenier\u00eda, Industria y Tecnolog\u00eda Inga. Karen Landaverry dio las palabras de cierre a este acto trascendental, indicando que fue un gran honor dirigirse a todos los presentes en donde su facultad y la universidad contribuyen al desenvolvimiento profesional de la ingenier\u00eda en Guatemala entregando a los nuevos profesionales, a lo largo de la historia los ingenieros han marcado la evoluci\u00f3n los avances de la civilizaci\u00f3n en donde en las \u00faltimas d\u00e9cadas los avances han generado una serie de desaf\u00edos sin precedentes, en UDV formar ingenieros competitivos de reconocida calidad y excelencia acad\u00e9mica y sobre todo con valores \u00e9ticos para ser agentes de cambio en la sociedad se ha convertido en su principal objetivo. Exhort\u00f3 a los egresados de UDV que emprendan la profesi\u00f3n de ser ingenieros con humildad, excelencia, pero sobre todo con los m\u00e1s altos est\u00e1ndares \u00e9ticos.<\/p>","protected":false},"featured_media":8643,"template":"","categories":[],"tags":[],"class_list":["post-8370","noticia","type-noticia","status-publish","has-post-thumbnail","hentry"],"acf":[],"aioseo_notices":[],"_links":{"self":[{"href":"https:\/\/udv.edu.gt\/en\/wp-json\/wp\/v2\/noticia\/8370","targetHints":{"allow":["GET"]}}],"collection":[{"href":"https:\/\/udv.edu.gt\/en\/wp-json\/wp\/v2\/noticia"}],"about":[{"href":"https:\/\/udv.edu.gt\/en\/wp-json\/wp\/v2\/types\/noticia"}],"version-history":[{"count":1,"href":"https:\/\/udv.edu.gt\/en\/wp-json\/wp\/v2\/noticia\/8370\/revisions"}],"predecessor-version":[{"id":8644,"href":"https:\/\/udv.edu.gt\/en\/wp-json\/wp\/v2\/noticia\/8370\/revisions\/8644"}],"wp:featuredmedia":[{"embeddable":true,"href":"https:\/\/udv.edu.gt\/en\/wp-json\/wp\/v2\/media\/8643"}],"wp:attachment":[{"href":"https:\/\/udv.edu.gt\/en\/wp-json\/wp\/v2\/media?parent=8370"}],"wp:term":[{"taxonomy":"category","embeddable":true,"href":"https:\/\/udv.edu.gt\/en\/wp-json\/wp\/v2\/categories?post=8370"},{"taxonomy":"post_tag","embeddable":true,"href":"https:\/\/udv.edu.gt\/en\/wp-json\/wp\/v2\/tags?post=8370"}],"curies":[{"name":"wp","href":"https:\/\/api.w.org\/{rel}","templated":true}]}}