{"id":8384,"date":"2022-09-28T09:44:12","date_gmt":"2022-09-28T07:44:12","guid":{"rendered":"https:\/\/udv.edu.gt\/noticia\/decano-de-la-facultad-de-arquitectura-y-diseno-participo-en-el-i-congreso-nacional-de-arquitectos\/"},"modified":"2025-11-12T21:45:07","modified_gmt":"2025-11-12T20:45:07","slug":"decano-de-la-facultad-de-arquitectura-y-diseno-participo-en-el-i-congreso-nacional-de-arquitectos","status":"publish","type":"noticia","link":"https:\/\/udv.edu.gt\/en\/noticia\/decano-de-la-facultad-de-arquitectura-y-diseno-participo-en-el-i-congreso-nacional-de-arquitectos\/","title":{"rendered":"Decano de la facultad de Arquitectura y Dise\u00f1o particip\u00f3 en el I Congreso Nacional de Arquitectos"},"content":{"rendered":"<p style=\"text-align: justify; line-height: 150%; background: white; vertical-align: baseline; margin: 0cm 0cm 3.75pt 0cm;\"><span style=\"font-family: 'Arial',sans-serif; color: #323338;\">El Colegio de Arquitectos de Guatemala llev\u00f3 a cabo el viernes 23 y s\u00e1bado 24 de septiembre <\/span><span style=\"color: #323338; font-family: Arial, sans-serif;\">el I Congreso Nacional de Arquitectos <\/span><span style=\"color: #323338; font-family: Arial, sans-serif;\">en el las instalaciones del Hotel Soleil de la Antigua Guatemala. En donde trabajaron en el tema Defensa Gremial: en pro de los beneficios del gremio de Arquitectos de Guatemala, al cual el Decano de la Facultad de Arquitectura y Dise\u00f1o, Mag\u00edster David Enrique Ram\u00edrez Cancinos, fue invitado a participar como integrante de la mesa t\u00e9cnica acad\u00e9mica.<\/span><\/p>\n<p><span style=\"font-family: 'Arial',sans-serif; color: #323338;\">En este congreso se tocaron temas en pro de la mejora acad\u00e9mica profesional entre los cuales estuvieron:<\/span><\/p>\n<ul>\n<li style=\"text-align: start; line-height: 150%; background: white; vertical-align: baseline; box-sizing: inherit; font-variant-ligatures: normal; font-variant-caps: normal; orphans: 2; widows: 2; -webkit-text-stroke-width: 0px; text-decoration-thickness: initial; text-decoration-style: initial; text-decoration-color: initial; word-spacing: 0px; outline: none !important;\"><span style=\"font-family: 'Arial',sans-serif; color: #323338;\">La relaci\u00f3n laboral \u2013 salarios<\/span><\/li>\n<li style=\"text-align: start; line-height: 150%; background: white; vertical-align: baseline; box-sizing: inherit; font-variant-ligatures: normal; font-variant-caps: normal; orphans: 2; widows: 2; -webkit-text-stroke-width: 0px; text-decoration-thickness: initial; text-decoration-style: initial; text-decoration-color: initial; word-spacing: 0px; outline: none !important;\"><span style=\"font-family: 'Arial',sans-serif; color: #323338;\">Calidad de la ense\u00f1anza<\/span><\/li>\n<li style=\"text-align: start; line-height: 150%; background: white; vertical-align: baseline; box-sizing: inherit; font-variant-ligatures: normal; font-variant-caps: normal; orphans: 2; widows: 2; -webkit-text-stroke-width: 0px; text-decoration-thickness: initial; text-decoration-style: initial; text-decoration-color: initial; word-spacing: 0px; outline: none !important;\"><span style=\"font-family: 'Arial',sans-serif; color: #323338;\">Pertinencia del pensum de estudios de las universidades<\/span><\/li>\n<li style=\"text-align: start; line-height: 150%; background: white; vertical-align: baseline; box-sizing: inherit; font-variant-ligatures: normal; font-variant-caps: normal; orphans: 2; widows: 2; -webkit-text-stroke-width: 0px; text-decoration-thickness: initial; text-decoration-style: initial; text-decoration-color: initial; word-spacing: 0px; outline: none !important;\"><span style=\"font-family: 'Arial',sans-serif; color: #323338;\">Cursos generados desde el Colegio de Arquitectos<\/span><\/li>\n<\/ul>\n<p style=\"text-align: start; line-height: 150%; background: white; vertical-align: baseline; box-sizing: inherit; outline: none !important; font-variant-ligatures: normal; font-variant-caps: normal; orphans: 2; widows: 2; -webkit-text-stroke-width: 0px; text-decoration-thickness: initial; text-decoration-style: initial; text-decoration-color: initial; word-spacing: 0px; margin: 0cm 0cm 3.75pt 0cm;\"><span style=\"font-family: 'Arial',sans-serif; color: #323338;\">En el congreso participaron autoridades de las diferentes entidades acad\u00e9micas, profesionales de la arquitectura, empresas privadas y p\u00fablicas.<\/span><\/p>","protected":false},"featured_media":8639,"template":"","categories":[],"tags":[],"class_list":["post-8384","noticia","type-noticia","status-publish","has-post-thumbnail","hentry"],"acf":[],"aioseo_notices":[],"_links":{"self":[{"href":"https:\/\/udv.edu.gt\/en\/wp-json\/wp\/v2\/noticia\/8384","targetHints":{"allow":["GET"]}}],"collection":[{"href":"https:\/\/udv.edu.gt\/en\/wp-json\/wp\/v2\/noticia"}],"about":[{"href":"https:\/\/udv.edu.gt\/en\/wp-json\/wp\/v2\/types\/noticia"}],"version-history":[{"count":1,"href":"https:\/\/udv.edu.gt\/en\/wp-json\/wp\/v2\/noticia\/8384\/revisions"}],"predecessor-version":[{"id":8640,"href":"https:\/\/udv.edu.gt\/en\/wp-json\/wp\/v2\/noticia\/8384\/revisions\/8640"}],"wp:featuredmedia":[{"embeddable":true,"href":"https:\/\/udv.edu.gt\/en\/wp-json\/wp\/v2\/media\/8639"}],"wp:attachment":[{"href":"https:\/\/udv.edu.gt\/en\/wp-json\/wp\/v2\/media?parent=8384"}],"wp:term":[{"taxonomy":"category","embeddable":true,"href":"https:\/\/udv.edu.gt\/en\/wp-json\/wp\/v2\/categories?post=8384"},{"taxonomy":"post_tag","embeddable":true,"href":"https:\/\/udv.edu.gt\/en\/wp-json\/wp\/v2\/tags?post=8384"}],"curies":[{"name":"wp","href":"https:\/\/api.w.org\/{rel}","templated":true}]}}