{"id":8432,"date":"2023-02-01T17:01:30","date_gmt":"2023-02-01T16:01:30","guid":{"rendered":"https:\/\/udv.edu.gt\/noticia\/alumnos-de-la-licenciatura-en-nutricion-comienzan-el-ciclo-2023-en-sede-quetzaltenango\/"},"modified":"2023-02-01T17:01:30","modified_gmt":"2023-02-01T16:01:30","slug":"alumnos-de-la-licenciatura-en-nutricion-comienzan-el-ciclo-2023-en-sede-quetzaltenango","status":"publish","type":"noticia","link":"https:\/\/udv.edu.gt\/en\/noticia\/alumnos-de-la-licenciatura-en-nutricion-comienzan-el-ciclo-2023-en-sede-quetzaltenango\/","title":{"rendered":"Alumnos de la Licenciatura en Nutrici\u00f3n comienzan el ciclo 2023 en Sede Quetzaltenango"},"content":{"rendered":"<p>La Facultad De Ciencias M\u00e9dicas y de la Vida llev\u00f3 a cabo el inicio y apertura de la Carrera de Nutrici\u00f3n, La Licenciatura en Nutrici\u00f3n es una carrera de grado con una duraci\u00f3n de cinco a\u00f1os, dise\u00f1ada para formar profesionales que contribuyen a la prevenci\u00f3n de enfermedades a trav\u00e9s de la nutrici\u00f3n y tratamientos nutricionales.el objetivo es formar recurso humano en salud, a trav\u00e9s de un programa basado en tres \u00e1reas: Formaci\u00f3n B\u00e1sica, Espec\u00edfica y Profesional, Nuestro pensum est\u00e1 basado en competencias profesionales integradas, contextualizado a nivel nacional.<\/p>\n<p>Licenciada Jackelyn Pe\u00f1a indic\u00f3 que esta carrera est\u00e1 dise\u00f1ada para formar profesionales con un perfil que responda a las necesidades alimentarias de la poblaci\u00f3n Quetzalteca , desenvolverse en el campo de la nutrici\u00f3n, determinando el estado nutricional y orientando racionalmente la alimentaci\u00f3n del ser humano individual y de forma colectiva, teniendo en cuenta los factores psicol\u00f3gicos, patol\u00f3gicos, econ\u00f3micos y socioculturales que lo condicionan.<\/p>\n<p>Al ingresar a esta carrera nuestros estudiantes contar\u00e1n con el perfil de un egresado de alto valor para la sociedad guatemalteca internacional.<\/p>","protected":false},"featured_media":6086,"template":"","categories":[],"tags":[],"class_list":["post-8432","noticia","type-noticia","status-publish","has-post-thumbnail","hentry"],"acf":[],"aioseo_notices":[],"_links":{"self":[{"href":"https:\/\/udv.edu.gt\/en\/wp-json\/wp\/v2\/noticia\/8432","targetHints":{"allow":["GET"]}}],"collection":[{"href":"https:\/\/udv.edu.gt\/en\/wp-json\/wp\/v2\/noticia"}],"about":[{"href":"https:\/\/udv.edu.gt\/en\/wp-json\/wp\/v2\/types\/noticia"}],"version-history":[{"count":0,"href":"https:\/\/udv.edu.gt\/en\/wp-json\/wp\/v2\/noticia\/8432\/revisions"}],"wp:featuredmedia":[{"embeddable":true,"href":"https:\/\/udv.edu.gt\/en\/wp-json\/wp\/v2\/media\/6086"}],"wp:attachment":[{"href":"https:\/\/udv.edu.gt\/en\/wp-json\/wp\/v2\/media?parent=8432"}],"wp:term":[{"taxonomy":"category","embeddable":true,"href":"https:\/\/udv.edu.gt\/en\/wp-json\/wp\/v2\/categories?post=8432"},{"taxonomy":"post_tag","embeddable":true,"href":"https:\/\/udv.edu.gt\/en\/wp-json\/wp\/v2\/tags?post=8432"}],"curies":[{"name":"wp","href":"https:\/\/api.w.org\/{rel}","templated":true}]}}