{"id":8494,"date":"2023-05-10T12:15:56","date_gmt":"2023-05-10T10:15:56","guid":{"rendered":"https:\/\/udv.edu.gt\/noticia\/alumnos-del-tecnico-en-gestion-cultural-y-expresion-de-las-artes-inician-segundo-trimestre-de-clases\/"},"modified":"2023-05-10T12:15:56","modified_gmt":"2023-05-10T10:15:56","slug":"alumnos-del-tecnico-en-gestion-cultural-y-expresion-de-las-artes-inician-segundo-trimestre-de-clases","status":"publish","type":"noticia","link":"https:\/\/udv.edu.gt\/en\/noticia\/alumnos-del-tecnico-en-gestion-cultural-y-expresion-de-las-artes-inician-segundo-trimestre-de-clases\/","title":{"rendered":"Alumnos del T\u00e9cnico en Gesti\u00f3n Cultural y Expresi\u00f3n de las Artes inician segundo trimestre de clases"},"content":{"rendered":"<p><span style=\"font-weight: 400;\">La facultad de Arquitectura y Dise\u00f1o desea muchos \u00e9xitos a sus estudiantes del T\u00e9cnico en Gesti\u00f3n Cultural y Expresi\u00f3n de las Artes, quienes han iniciado su segundo trimestre del programa en curso y con mucho entusiasmo los motivamos a seguir adelante en virtud de su desarrollo personal, profesional y por las puertas que se ir\u00e1n abriendo para toda la comunidad art\u00edstica de Comalapa.<\/span><\/p>\n<p><span style=\"font-weight: 400;\">Este programa se lleva a cabo los s\u00e1bados en formato presencial, en nuestra Sede Chimaltenango (Interior Colegio Am\u00e9rica Latina, Carretera Interamericana)<\/span><\/p>\n<p><span style=\"font-weight: 400;\">Te invitamos a que formes parte del T\u00e9cnico en Gesti\u00f3n Cultural y Expresi\u00f3n de las Artes, de la Facultad de Arquitectura de Universidad Da Vinci de Guatemala.<\/span><\/p>","protected":false},"featured_media":8495,"template":"","categories":[],"tags":[],"class_list":["post-8494","noticia","type-noticia","status-publish","has-post-thumbnail","hentry"],"acf":[],"aioseo_notices":[],"_links":{"self":[{"href":"https:\/\/udv.edu.gt\/en\/wp-json\/wp\/v2\/noticia\/8494","targetHints":{"allow":["GET"]}}],"collection":[{"href":"https:\/\/udv.edu.gt\/en\/wp-json\/wp\/v2\/noticia"}],"about":[{"href":"https:\/\/udv.edu.gt\/en\/wp-json\/wp\/v2\/types\/noticia"}],"version-history":[{"count":0,"href":"https:\/\/udv.edu.gt\/en\/wp-json\/wp\/v2\/noticia\/8494\/revisions"}],"wp:featuredmedia":[{"embeddable":true,"href":"https:\/\/udv.edu.gt\/en\/wp-json\/wp\/v2\/media\/8495"}],"wp:attachment":[{"href":"https:\/\/udv.edu.gt\/en\/wp-json\/wp\/v2\/media?parent=8494"}],"wp:term":[{"taxonomy":"category","embeddable":true,"href":"https:\/\/udv.edu.gt\/en\/wp-json\/wp\/v2\/categories?post=8494"},{"taxonomy":"post_tag","embeddable":true,"href":"https:\/\/udv.edu.gt\/en\/wp-json\/wp\/v2\/tags?post=8494"}],"curies":[{"name":"wp","href":"https:\/\/api.w.org\/{rel}","templated":true}]}}