{"id":6073,"date":"2023-10-04T08:42:21","date_gmt":"2023-10-04T06:42:21","guid":{"rendered":"https:\/\/udv.edu.gt\/la-importancia-del-cafe-en-guatemala\/"},"modified":"2023-10-04T08:42:21","modified_gmt":"2023-10-04T06:42:21","slug":"la-importancia-del-cafe-en-guatemala","status":"publish","type":"post","link":"https:\/\/udv.edu.gt\/en\/la-importancia-del-cafe-en-guatemala\/","title":{"rendered":"La importancia del Caf\u00e9 en Guatemala"},"content":{"rendered":"<p>En conmemoraci\u00f3n del D\u00eda Internacional del Caf\u00e9, que se festeja cada 1 de octubre, cada a\u00f1o, una fecha especial para honrar esta deliciosa bebida y a todas las personas involucradas en su producci\u00f3n, desde la selecci\u00f3n del grano, los agricultores hasta los baristas que preparan cada taza con esmero.<\/p>\n<p>Una fecha especial para honrar esta deliciosa bebida y a todas las personas involucradas en la cadena de valor en la producci\u00f3n, desde los agricultores hasta los baristas que preparan cada taza con esmero y entrega.<\/p>\n<p>El caf\u00e9 ha sido una bebida muy apreciada en todo el mundo durante mucho tiempo. Su aroma y sabor caracter\u00edsticos han cautivado a millones de personas, convirti\u00e9ndolo en una de las bebidas m\u00e1s populares y consumidas en el mundo.<\/p>\n<p>En la Universidad Da Vinci de Guatemala, en la Facultad de Ciencias Agron\u00f3micas conjuntamente con nuestros estudiantes y docentes, reconocemos la importancia del caf\u00e9 en nuestra cultura, tradici\u00f3n y econom\u00eda. Guatemala es conocida por ser uno de los principales productores de caf\u00e9 de alta calidad en el mundo, y nuestros agricultores trabajan arduamente para mantener esta reputaci\u00f3n.<\/p>\n<p>El caf\u00e9 no solo es una bebida que disfrutamos en nuestro d\u00eda a d\u00eda, tambi\u00e9n desempe\u00f1a un papel crucial en la sostenibilidad de nuestras comunidades agr\u00edcolas. La producci\u00f3n de caf\u00e9 genera empleo y contribuye al desarrollo econ\u00f3mico de nuestro pa\u00eds.<\/p>\n<p>Adem\u00e1s, el caf\u00e9 tiene beneficios para la salud, y en los estudios que se han realizado se ha demostrado que puede ayudar a reducir el riesgo de enfermedades como la diabetes tipo 2 y el Parkinson. Tambi\u00e9n es una fuente de antioxidantes que pueden contribuir a una buena salud cardiovascular.<\/p>\n<p>En este D\u00eda Internacional del Caf\u00e9, queremos reconocer y agradecer a todas las personas que hacen posible que disfrutemos de esta maravillosa bebida. Desde los agricultores que cultivan los granos con dedicaci\u00f3n y cuidado, hasta los tostadores y baristas que nos brindan una experiencia \u00fanica en cada taza, dependiendo de la latitud.<\/p>\n<p>Invitamos a todos a celebrar este d\u00eda especial disfrutando de una taza de caf\u00e9 guatemalteco. Aprovechemos esta oportunidad para apoyar a nuestros agricultores y valorar el arduo trabajo que realizan para ofrecernos un caf\u00e9 de calidad excepcional.<\/p>\n<p>En la Universidad Da Vinci de Guatemala, nos enorgullece ser parte de esta industria y contribuir al conocimiento y desarrollo de la producci\u00f3n de caf\u00e9 en nuestro pa\u00eds.<\/p>\n<h3 style=\"text-align: center;\"><strong>\u00a1Feliz D\u00eda Internacional del Caf\u00e9!<\/strong><\/h3>","protected":false},"excerpt":{"rendered":"<p>En conmemoraci\u00f3n del D\u00eda Internacional del Caf\u00e9, que se festeja cada 1 de octubre, cada a\u00f1o, una fecha especial para honrar esta deliciosa bebida y a todas las personas involucradas en su producci\u00f3n, desde la selecci\u00f3n del grano, los agricultores hasta los baristas que preparan cada taza con esmero. Una fecha especial para honrar esta [&hellip;]<\/p>\n","protected":false},"author":1,"featured_media":6074,"comment_status":"open","ping_status":"open","sticky":false,"template":"","format":"standard","meta":{"_acf_changed":false,"om_disable_all_campaigns":false,"inline_featured_image":false,"_monsterinsights_skip_tracking":false,"footnotes":""},"categories":[21,14,13],"tags":[],"class_list":["post-6073","post","type-post","status-publish","format-standard","has-post-thumbnail","hentry","category-educacion","category-profesional","category-util"],"acf":[],"aioseo_notices":[],"_links":{"self":[{"href":"https:\/\/udv.edu.gt\/en\/wp-json\/wp\/v2\/posts\/6073","targetHints":{"allow":["GET"]}}],"collection":[{"href":"https:\/\/udv.edu.gt\/en\/wp-json\/wp\/v2\/posts"}],"about":[{"href":"https:\/\/udv.edu.gt\/en\/wp-json\/wp\/v2\/types\/post"}],"author":[{"embeddable":true,"href":"https:\/\/udv.edu.gt\/en\/wp-json\/wp\/v2\/users\/1"}],"replies":[{"embeddable":true,"href":"https:\/\/udv.edu.gt\/en\/wp-json\/wp\/v2\/comments?post=6073"}],"version-history":[{"count":0,"href":"https:\/\/udv.edu.gt\/en\/wp-json\/wp\/v2\/posts\/6073\/revisions"}],"wp:featuredmedia":[{"embeddable":true,"href":"https:\/\/udv.edu.gt\/en\/wp-json\/wp\/v2\/media\/6074"}],"wp:attachment":[{"href":"https:\/\/udv.edu.gt\/en\/wp-json\/wp\/v2\/media?parent=6073"}],"wp:term":[{"taxonomy":"category","embeddable":true,"href":"https:\/\/udv.edu.gt\/en\/wp-json\/wp\/v2\/categories?post=6073"},{"taxonomy":"post_tag","embeddable":true,"href":"https:\/\/udv.edu.gt\/en\/wp-json\/wp\/v2\/tags?post=6073"}],"curies":[{"name":"wp","href":"https:\/\/api.w.org\/{rel}","templated":true}]}}