{"id":6079,"date":"2023-12-01T11:41:44","date_gmt":"2023-12-01T10:41:44","guid":{"rendered":"https:\/\/udv.edu.gt\/cierre-de-practica-profesional-supervisada-de-psicologia-clinica\/"},"modified":"2025-11-11T19:32:38","modified_gmt":"2025-11-11T18:32:38","slug":"cierre-de-practica-profesional-supervisada-de-psicologia-clinica","status":"publish","type":"post","link":"https:\/\/udv.edu.gt\/en\/cierre-de-practica-profesional-supervisada-de-psicologia-clinica\/","title":{"rendered":"Cierre de Pr\u00e1ctica Profesional Supervisada de Psicolog\u00eda Cl\u00ednica"},"content":{"rendered":"<style>\n        .justificado {\n            text-align: justify;<\/p>\n<p>        }\n    <\/style>\n<div class=\"justificado\">\n<p>El martes 21 de noviembre, se llev\u00f3 a cabo la presentaci\u00f3n de cierre de pr\u00e1ctica profesional supervisada de los alumnos de Licenciatura en Psicolog\u00eda Cl\u00ednica.<\/p>\n<p>Los alumnos presentaron un resumen de lo realizado en el curso durante el a\u00f1o, tanto de atenci\u00f3n directa, como de participaci\u00f3n en escuelas para padres y actividades en otras instituciones. Entre lo m\u00e1s relevante se puede destacar:<\/p>\n<ul>\n<li>Fueron atendidos 225 pacientes.<\/li>\n<li>Se proporcionaron un promedio entre 15 a 25 sesiones de terapia por paciente, cumpliendo con una intervenci\u00f3n breve.<\/li>\n<li>Se realizaron 44 escuelas para padres.<\/li>\n<li>Las instituciones con las que se colabor\u00f3 brindando apoyo psicol\u00f3gico, fueron:\n<ol>\n<li>Academia Royal.<\/li>\n<li>Instituto Tecnol\u00f3gico de Computaci\u00f3n.<\/li>\n<li>Alarte, Estudio Musical Desarrollo del Car\u00e1cter y del talento por medio de la m\u00fasica.<\/li>\n<li>Children International, Organizaci\u00f3n Humanitaria.<\/li>\n<li>Secretar\u00eda de Seguridad Alimentaria y Nutricional de la Presidencia de la Rep\u00fablica (SESAN).<\/li>\n<li>Asociaci\u00f3n para el desarrollo de la Familia Guatemalteca (ADEFAGUA).<\/li>\n<\/ol>\n<\/li>\n<li>En el proceso de voluntariado, los alumnos se integraron a la Asociaci\u00f3n Guatemalteca para el Apoyo Psicol\u00f3gico Integral (AGAPI) y formaron parte del proyecto &#8220;Equipo de Apoyo y Fortaleza en el dolor&#8221;, que consisti\u00f3 en apoyo a las familias en el reconocimiento de seres queridos en INACIF. El proceso incluy\u00f3 12 horas de formaci\u00f3n sobre Primeros Auxilios, atenci\u00f3n en crisis, duelo y tanatolog\u00eda forense. Posteriormente, la integraci\u00f3n presencial y acompa\u00f1amiento en el trabajo de campo.<\/li>\n<li>23 alumnos finalizaron de manera satisfactoria el proceso de pr\u00e1ctica.<\/li>\n<\/ul>\n<p>En relaci\u00f3n a la formaci\u00f3n continua, se desarroll\u00f3 la Actividad Acad\u00e9mica con la alianza de la Escuela de Psicolog\u00eda de Universidad San Carlos de Guatemala y AGAPI en la cual participaron estudiantes de Licenciatura en Psicolog\u00eda de ambas casas de estudio.  Bajo el nombre de&#8221; L\u00edneas b\u00e1sicas de primeros auxilios psicol\u00f3gicos con atenci\u00f3n en formaci\u00f3n a voluntarios&#8221; y &#8220;La importancia del autocuidado&#8221;. Adicionalmente, por parte de la Escuela de Psicolog\u00eda se brind\u00f3 un Taller de entrenamiento para la atenci\u00f3n primaria de personas en crisis suicida a cargo de Lic. Federico Roncal.<\/p>\n<p>Por \u00faltimo, la participaci\u00f3n en la Quinta Reuni\u00f3n Interuniversitaria de Casos Cl\u00ednicos a cargo de Universidad Francisco Marroqu\u00edn y la Cl\u00ednica Vickor Frank en donde tambi\u00e9n estuvieron presentes representantes de Universidad del Istmo, Universidad del Valle, Universidad Panamericana, Universidad Rafael Land\u00edvar.<\/p>\n<\/div>","protected":false},"excerpt":{"rendered":"<p>El martes 21 de noviembre, se llev\u00f3 a cabo la presentaci\u00f3n de cierre de pr\u00e1ctica profesional supervisada de los alumnos de Licenciatura en Psicolog\u00eda Cl\u00ednica. Los alumnos presentaron un resumen de lo realizado en el curso durante el a\u00f1o, tanto de atenci\u00f3n directa, como de participaci\u00f3n en escuelas para padres y actividades en otras instituciones. [&hellip;]<\/p>\n","protected":false},"author":1,"featured_media":6316,"comment_status":"open","ping_status":"open","sticky":false,"template":"","format":"standard","meta":{"_acf_changed":false,"om_disable_all_campaigns":false,"inline_featured_image":false,"_monsterinsights_skip_tracking":false,"footnotes":""},"categories":[21,15],"tags":[],"class_list":["post-6079","post","type-post","status-publish","format-standard","has-post-thumbnail","hentry","category-educacion","category-institucional"],"acf":[],"aioseo_notices":[],"_links":{"self":[{"href":"https:\/\/udv.edu.gt\/en\/wp-json\/wp\/v2\/posts\/6079","targetHints":{"allow":["GET"]}}],"collection":[{"href":"https:\/\/udv.edu.gt\/en\/wp-json\/wp\/v2\/posts"}],"about":[{"href":"https:\/\/udv.edu.gt\/en\/wp-json\/wp\/v2\/types\/post"}],"author":[{"embeddable":true,"href":"https:\/\/udv.edu.gt\/en\/wp-json\/wp\/v2\/users\/1"}],"replies":[{"embeddable":true,"href":"https:\/\/udv.edu.gt\/en\/wp-json\/wp\/v2\/comments?post=6079"}],"version-history":[{"count":1,"href":"https:\/\/udv.edu.gt\/en\/wp-json\/wp\/v2\/posts\/6079\/revisions"}],"predecessor-version":[{"id":6317,"href":"https:\/\/udv.edu.gt\/en\/wp-json\/wp\/v2\/posts\/6079\/revisions\/6317"}],"wp:featuredmedia":[{"embeddable":true,"href":"https:\/\/udv.edu.gt\/en\/wp-json\/wp\/v2\/media\/6316"}],"wp:attachment":[{"href":"https:\/\/udv.edu.gt\/en\/wp-json\/wp\/v2\/media?parent=6079"}],"wp:term":[{"taxonomy":"category","embeddable":true,"href":"https:\/\/udv.edu.gt\/en\/wp-json\/wp\/v2\/categories?post=6079"},{"taxonomy":"post_tag","embeddable":true,"href":"https:\/\/udv.edu.gt\/en\/wp-json\/wp\/v2\/tags?post=6079"}],"curies":[{"name":"wp","href":"https:\/\/api.w.org\/{rel}","templated":true}]}}