{"id":6085,"date":"2023-12-07T09:37:44","date_gmt":"2023-12-07T08:37:44","guid":{"rendered":"https:\/\/udv.edu.gt\/concierto-navideno\/"},"modified":"2023-12-07T09:37:44","modified_gmt":"2023-12-07T08:37:44","slug":"concierto-navideno","status":"publish","type":"post","link":"https:\/\/udv.edu.gt\/en\/concierto-navideno\/","title":{"rendered":"Concierto Navide\u00f1o"},"content":{"rendered":"<style>\n        .justificado {\n            text-align: justify;<\/p>\n<p>        }\n    <\/style>\n<div class=\"justificado\">\n<p>La Facultad de M\u00fasica y Artes Visuales de la Universidad Da Vinci de Guatemala, Sede Quetzaltenango, concluy\u00f3 el a\u00f1o de manera excepcional con un encantador concierto navide\u00f1o que marc\u00f3 un evento importante al presentar oficialmente su destacado coro.<\/p>\n<p>En este emotivo evento, no solo se introdujeron nuevas melod\u00edas, sino que tambi\u00e9n se destac\u00f3 la participaci\u00f3n entusiasta de la agrupaci\u00f3n de marimba y talentosos estudiantes de diferentes semestres.<\/p>\n<p>La coordinadora acad\u00e9mica de la facultad, Rosse Aguilar, comparti\u00f3 su satisfacci\u00f3n por el \u00e9xito del concierto y anticip\u00f3 emocionantes planes para el pr\u00f3ximo a\u00f1o. Entre ellos, se espera que los estudiantes tengan la oportunidad de compartir su m\u00fasica en espacios p\u00fablicos, incluyendo reconocidos centros comerciales de la ciudad.<\/p>\n<p>Este vibrante cierre de a\u00f1o no solo deja una impresi\u00f3n duradera, sino que tambi\u00e9n deja ver un futuro prometedor para la Facultad de M\u00fasica y Artes Visuales. La m\u00fasica resonar\u00e1 no solo dentro de la sede, sino tambi\u00e9n en diversos rincones de la ciudad, llevando el arte a un p\u00fablico m\u00e1s amplio y consolidando la posici\u00f3n de la facultad como un referente cultural en la comunidad.<\/p>\n<\/div>","protected":false},"excerpt":{"rendered":"<p>La Facultad de M\u00fasica y Artes Visuales de la Universidad Da Vinci de Guatemala, Sede Quetzaltenango, concluy\u00f3 el a\u00f1o de manera excepcional con un encantador concierto navide\u00f1o que marc\u00f3 un evento importante al presentar oficialmente su destacado coro. En este emotivo evento, no solo se introdujeron nuevas melod\u00edas, sino que tambi\u00e9n se destac\u00f3 la participaci\u00f3n [&hellip;]<\/p>\n","protected":false},"author":1,"featured_media":6086,"comment_status":"open","ping_status":"open","sticky":false,"template":"","format":"standard","meta":{"_acf_changed":false,"om_disable_all_campaigns":false,"inline_featured_image":false,"_monsterinsights_skip_tracking":false,"footnotes":""},"categories":[21,15,14],"tags":[],"class_list":["post-6085","post","type-post","status-publish","format-standard","has-post-thumbnail","hentry","category-educacion","category-institucional","category-profesional"],"acf":[],"aioseo_notices":[],"_links":{"self":[{"href":"https:\/\/udv.edu.gt\/en\/wp-json\/wp\/v2\/posts\/6085","targetHints":{"allow":["GET"]}}],"collection":[{"href":"https:\/\/udv.edu.gt\/en\/wp-json\/wp\/v2\/posts"}],"about":[{"href":"https:\/\/udv.edu.gt\/en\/wp-json\/wp\/v2\/types\/post"}],"author":[{"embeddable":true,"href":"https:\/\/udv.edu.gt\/en\/wp-json\/wp\/v2\/users\/1"}],"replies":[{"embeddable":true,"href":"https:\/\/udv.edu.gt\/en\/wp-json\/wp\/v2\/comments?post=6085"}],"version-history":[{"count":0,"href":"https:\/\/udv.edu.gt\/en\/wp-json\/wp\/v2\/posts\/6085\/revisions"}],"wp:featuredmedia":[{"embeddable":true,"href":"https:\/\/udv.edu.gt\/en\/wp-json\/wp\/v2\/media\/6086"}],"wp:attachment":[{"href":"https:\/\/udv.edu.gt\/en\/wp-json\/wp\/v2\/media?parent=6085"}],"wp:term":[{"taxonomy":"category","embeddable":true,"href":"https:\/\/udv.edu.gt\/en\/wp-json\/wp\/v2\/categories?post=6085"},{"taxonomy":"post_tag","embeddable":true,"href":"https:\/\/udv.edu.gt\/en\/wp-json\/wp\/v2\/tags?post=6085"}],"curies":[{"name":"wp","href":"https:\/\/api.w.org\/{rel}","templated":true}]}}