{"id":6087,"date":"2023-12-07T09:47:03","date_gmt":"2023-12-07T08:47:03","guid":{"rendered":"https:\/\/udv.edu.gt\/firma-de-convenio\/"},"modified":"2025-11-11T19:19:03","modified_gmt":"2025-11-11T18:19:03","slug":"firma-de-convenio","status":"publish","type":"post","link":"https:\/\/udv.edu.gt\/en\/firma-de-convenio\/","title":{"rendered":"Firma de Convenio"},"content":{"rendered":"<style>\n        .justificado {\n            text-align: justify;<\/p>\n<p>        }\n    <\/style>\n<div class=\"justificado\">\n<p>El 5 de noviembre pasado, la Escuela de Formaci\u00f3n Art\u00edstica de Quetzaltenango (ESFAQ) y el Colegio Planeta Musical de San Pedro, San Marcos, llevaron a cabo la firma de convenios con la Facultad de M\u00fasica y Artes Visuales de la Universidad Da Vinci de Guatemala, este evento marc\u00f3 el inicio de una colaboraci\u00f3n para fortalecer la formaci\u00f3n y capacitaci\u00f3n de estudiantes apasionados por la m\u00fasica y las artes.<\/p>\n<p>Gilmar Mej\u00eda, vicedecano de la Facultad de M\u00fasica y Artes Visuales, destac\u00f3 que estos convenios tienen como objetivo establecer una comunidad de artistas que reciba un seguimiento formativo desde niveles b\u00e1sicos y diversificados hasta llegar a la formaci\u00f3n universitaria. Adem\u00e1s, se\u00f1al\u00f3 que la formaci\u00f3n se enfocar\u00e1 en consolidar una metodolog\u00eda educativa \u00fanica, donde la universidad contribuir\u00e1 al desarrollo de los centros educativos.<\/p>\n<p>Mej\u00eda anunci\u00f3 que est\u00e1n planificando extender este tipo de convenios a centros educativos especializados en m\u00fasica y arte en Totonicap\u00e1n, Huehuetenango, Mazatenango, Chimaltenango, as\u00ed como en otras partes del pa\u00eds.<\/p>\n<p>Eduardo Sac, director ESFAQ, resalt\u00f3 la naturaleza colaborativa de este acuerdo, reconociendo la necesidad de que los estudiantes egresados contin\u00faen su formaci\u00f3n de manera avanzada en La Universidad Da Vinci de Guatemala que ofrecer\u00e1 talleres y capacitaciones para los estudiantes de ESFAQ.<\/p>\n<p>Sergio L\u00f3pez, director del Colegio Planeta Musical, expres\u00f3 su satisfacci\u00f3n y reconocimiento por los logros alcanzados con la firma de estos convenios. Destac\u00f3 que este acuerdo no solo permite a los estudiantes disfrutar de la m\u00fasica y las artes, sino que tambi\u00e9n les brinda la oportunidad de obtener una remuneraci\u00f3n econ\u00f3mica por su trabajo art\u00edstico.<\/p>\n<p>Con la realizaci\u00f3n de estos convenios la Facultad de M\u00fasica y Artes Visuales rectifica su compromiso con la educaci\u00f3n y b\u00fasqueda de reconocimiento de las profesiones art\u00edsticas. <\/p>\n<\/div>","protected":false},"excerpt":{"rendered":"<p>El 5 de noviembre pasado, la Escuela de Formaci\u00f3n Art\u00edstica de Quetzaltenango (ESFAQ) y el Colegio Planeta Musical de San Pedro, San Marcos, llevaron a cabo la firma de convenios con la Facultad de M\u00fasica y Artes Visuales de la Universidad Da Vinci de Guatemala, este evento marc\u00f3 el inicio de una colaboraci\u00f3n para fortalecer [&hellip;]<\/p>\n","protected":false},"author":1,"featured_media":6312,"comment_status":"open","ping_status":"open","sticky":false,"template":"","format":"standard","meta":{"_acf_changed":false,"om_disable_all_campaigns":false,"inline_featured_image":false,"_monsterinsights_skip_tracking":false,"footnotes":""},"categories":[21,15,14],"tags":[],"class_list":["post-6087","post","type-post","status-publish","format-standard","has-post-thumbnail","hentry","category-educacion","category-institucional","category-profesional"],"acf":[],"aioseo_notices":[],"_links":{"self":[{"href":"https:\/\/udv.edu.gt\/en\/wp-json\/wp\/v2\/posts\/6087","targetHints":{"allow":["GET"]}}],"collection":[{"href":"https:\/\/udv.edu.gt\/en\/wp-json\/wp\/v2\/posts"}],"about":[{"href":"https:\/\/udv.edu.gt\/en\/wp-json\/wp\/v2\/types\/post"}],"author":[{"embeddable":true,"href":"https:\/\/udv.edu.gt\/en\/wp-json\/wp\/v2\/users\/1"}],"replies":[{"embeddable":true,"href":"https:\/\/udv.edu.gt\/en\/wp-json\/wp\/v2\/comments?post=6087"}],"version-history":[{"count":1,"href":"https:\/\/udv.edu.gt\/en\/wp-json\/wp\/v2\/posts\/6087\/revisions"}],"predecessor-version":[{"id":6313,"href":"https:\/\/udv.edu.gt\/en\/wp-json\/wp\/v2\/posts\/6087\/revisions\/6313"}],"wp:featuredmedia":[{"embeddable":true,"href":"https:\/\/udv.edu.gt\/en\/wp-json\/wp\/v2\/media\/6312"}],"wp:attachment":[{"href":"https:\/\/udv.edu.gt\/en\/wp-json\/wp\/v2\/media?parent=6087"}],"wp:term":[{"taxonomy":"category","embeddable":true,"href":"https:\/\/udv.edu.gt\/en\/wp-json\/wp\/v2\/categories?post=6087"},{"taxonomy":"post_tag","embeddable":true,"href":"https:\/\/udv.edu.gt\/en\/wp-json\/wp\/v2\/tags?post=6087"}],"curies":[{"name":"wp","href":"https:\/\/api.w.org\/{rel}","templated":true}]}}