{"id":6097,"date":"2024-02-09T15:00:56","date_gmt":"2024-02-09T14:00:56","guid":{"rendered":"https:\/\/udv.edu.gt\/curso-de-induccion-para-docentes-de-nuevo-ingreso\/"},"modified":"2026-03-09T20:03:40","modified_gmt":"2026-03-09T19:03:40","slug":"curso-de-induccion-para-docentes-de-nuevo-ingreso","status":"publish","type":"post","link":"https:\/\/udv.edu.gt\/en\/curso-de-induccion-para-docentes-de-nuevo-ingreso\/","title":{"rendered":"Curso de Inducci\u00f3n para Docentes de nuevo ingreso"},"content":{"rendered":"<p class=\"wp-block-paragraph\">La Vicerrector\u00eda de Docencia y la Direcci\u00f3n de Docencia convocatoria a participar en el curso de Inducci\u00f3n dirigido a Docentes de nuevo ingreso de UDV de todas las unidades acad\u00e9micas, niveles y sedes.Como parte de la estrategia de Fortalecimiento Docente, se implement\u00f3 el curso que facilita la incorporaci\u00f3n de los docentes de reci\u00e9n ingreso a la Universidad, y tiene como objetivo contextualizarlos respecto a la filosof\u00eda institucional, normativa vigente y el Modelo de Docencia entre otros temas de identidad institucional.<\/p>\n\n\n\n<p class=\"wp-block-paragraph\">El curso es virtual, est\u00e1 alojado en la Plataforma UDV, es de car\u00e1cter autogestionable, breve (de m\u00f3dulo \u00fanico) y ofrece constancia de participaci\u00f3n al finalizar las lecturas y resolver satisfactoriamente una actividad al cierre.<\/p>\n\n\n\n<p class=\"has-text-align-right wp-block-paragraph\"><strong>\u201cPasi\u00f3n por la docencia\u201d<\/strong><\/p>\n\n\n\n<p class=\"has-text-align-center wp-block-paragraph\">Vicerrector\u00eda de Docencia<\/p>\n\n\n\n<p class=\"has-text-align-center wp-block-paragraph\">Direcci\u00f3n de Docencia<\/p>\n\n\n\n<p class=\"wp-block-paragraph\">Para mayor informaci\u00f3n o gestionar la inscripci\u00f3n, ponemos a disposici\u00f3n los siguientes enlaces:<\/p>\n\n\n\n<p class=\"wp-block-paragraph\">Correo electr\u00f3nico:<\/p>\n\n\n\n<p class=\"wp-block-paragraph\"><u>coordinaciondeactualizaciondocente@udv.edu.gt<\/u><\/p>\n\n\n\n<p class=\"wp-block-paragraph\">Registro al curso:<\/p>\n\n\n\n<figure class=\"wp-block-embed\"><div class=\"wp-block-embed__wrapper\">\nhttps:\/\/docs.google.com\/forms\/d\/e\/1FAIpQLSeRyG6Jrwp2nxTQxuY65I2uu6RLD4v0v53WWQVMxppJMWZ28Q\/viewform?usp=sf_link\n<\/div><\/figure>\n\n\n\n<p class=\"wp-block-paragraph\"><\/p>","protected":false},"excerpt":{"rendered":"<p>La Vicerrector\u00eda de Docencia y la Direcci\u00f3n de Docencia convocatoria a participar en el curso de Inducci\u00f3n dirigido a Docentes de nuevo ingreso de UDV de todas las unidades acad\u00e9micas, niveles y sedes.Como parte de la estrategia de Fortalecimiento Docente, se implement\u00f3 el curso que facilita la incorporaci\u00f3n de los docentes de reci\u00e9n ingreso a [&hellip;]<\/p>\n","protected":false},"author":1,"featured_media":6098,"comment_status":"open","ping_status":"open","sticky":false,"template":"","format":"standard","meta":{"_acf_changed":false,"om_disable_all_campaigns":false,"inline_featured_image":false,"_monsterinsights_skip_tracking":false,"footnotes":""},"categories":[21],"tags":[],"class_list":["post-6097","post","type-post","status-publish","format-standard","has-post-thumbnail","hentry","category-educacion"],"acf":[],"aioseo_notices":[],"_links":{"self":[{"href":"https:\/\/udv.edu.gt\/en\/wp-json\/wp\/v2\/posts\/6097","targetHints":{"allow":["GET"]}}],"collection":[{"href":"https:\/\/udv.edu.gt\/en\/wp-json\/wp\/v2\/posts"}],"about":[{"href":"https:\/\/udv.edu.gt\/en\/wp-json\/wp\/v2\/types\/post"}],"author":[{"embeddable":true,"href":"https:\/\/udv.edu.gt\/en\/wp-json\/wp\/v2\/users\/1"}],"replies":[{"embeddable":true,"href":"https:\/\/udv.edu.gt\/en\/wp-json\/wp\/v2\/comments?post=6097"}],"version-history":[{"count":1,"href":"https:\/\/udv.edu.gt\/en\/wp-json\/wp\/v2\/posts\/6097\/revisions"}],"predecessor-version":[{"id":12353,"href":"https:\/\/udv.edu.gt\/en\/wp-json\/wp\/v2\/posts\/6097\/revisions\/12353"}],"wp:featuredmedia":[{"embeddable":true,"href":"https:\/\/udv.edu.gt\/en\/wp-json\/wp\/v2\/media\/6098"}],"wp:attachment":[{"href":"https:\/\/udv.edu.gt\/en\/wp-json\/wp\/v2\/media?parent=6097"}],"wp:term":[{"taxonomy":"category","embeddable":true,"href":"https:\/\/udv.edu.gt\/en\/wp-json\/wp\/v2\/categories?post=6097"},{"taxonomy":"post_tag","embeddable":true,"href":"https:\/\/udv.edu.gt\/en\/wp-json\/wp\/v2\/tags?post=6097"}],"curies":[{"name":"wp","href":"https:\/\/api.w.org\/{rel}","templated":true}]}}