{"id":6099,"date":"2024-02-09T15:01:05","date_gmt":"2024-02-09T14:01:05","guid":{"rendered":"https:\/\/udv.edu.gt\/muy-pronto-nuevo-curso-de-actualizacion-docente\/"},"modified":"2024-02-09T15:01:05","modified_gmt":"2024-02-09T14:01:05","slug":"muy-pronto-nuevo-curso-de-actualizacion-docente","status":"publish","type":"post","link":"https:\/\/udv.edu.gt\/en\/muy-pronto-nuevo-curso-de-actualizacion-docente\/","title":{"rendered":"\u00a1Muy pronto nuevo curso de actualizaci\u00f3n docente!"},"content":{"rendered":"<p><em>Formaci\u00f3n por Competencias <\/em><\/p>\n<p>Como parte de las acciones encaminadas al Fortalecimiento Docente, muy pronto se pondr\u00e1 a su disposici\u00f3n un nuevo curso modular virtual \u201cFormaci\u00f3n por Competencias\u201d, para los docentes activos de Universidad Da Vinci de Guatemala. El curso est\u00e1 encaminado a provocar que los docentes procuren una formaci\u00f3n integral en los estudiantes, necesaria para su incorporaci\u00f3n exitosa a la vida laboral, cultural, pol\u00edtica y econ\u00f3mica.<\/p>\n<p>Les invitamos a participar en este pr\u00f3ximo curso y otros que siguen disponibles en la Plataforma UDV Virtual para su fortalecimiento docente, en especial el curso de Reflexi\u00f3n Pedag\u00f3gica sobre el Modelo de Docencia UDV, ubicado en la misma plataforma.<\/p>\n<p>Deseamos que, a trav\u00e9s de estas experiencias, contin\u00faen haciendo suyo nuestro lema:<\/p>\n<p style=\"text-align: right;\"><strong>\u201cP<em>asi\u00f3n por la docencia\u201d.<\/em><\/strong><\/p>\n<p style=\"text-align: center;\">Vicerrector\u00eda de Docencia<\/p>\n<p style=\"text-align: center;\">Direcci\u00f3n de Docencia<\/p>\n<p>Para mayor informaci\u00f3n, ponemos a disposici\u00f3n la siguiente direcci\u00f3n de correo electr\u00f3nico:<\/p>\n<p><a href=\"mailto:coordinaciondeactualizaciondocente@udv.edu.gt\">coordinaciondeactualizaciondocente@udv.edu.gt<\/a><\/p>","protected":false},"excerpt":{"rendered":"<p>Formaci\u00f3n por Competencias Como parte de las acciones encaminadas al Fortalecimiento Docente, muy pronto se pondr\u00e1 a su disposici\u00f3n un nuevo curso modular virtual \u201cFormaci\u00f3n por Competencias\u201d, para los docentes activos de Universidad Da Vinci de Guatemala. El curso est\u00e1 encaminado a provocar que los docentes procuren una formaci\u00f3n integral en los estudiantes, necesaria para [&hellip;]<\/p>\n","protected":false},"author":1,"featured_media":6100,"comment_status":"open","ping_status":"open","sticky":false,"template":"","format":"standard","meta":{"_acf_changed":false,"om_disable_all_campaigns":false,"inline_featured_image":false,"_monsterinsights_skip_tracking":false,"footnotes":""},"categories":[1],"tags":[],"class_list":["post-6099","post","type-post","status-publish","format-standard","has-post-thumbnail","hentry","category-sin-categoria"],"acf":[],"aioseo_notices":[],"_links":{"self":[{"href":"https:\/\/udv.edu.gt\/en\/wp-json\/wp\/v2\/posts\/6099","targetHints":{"allow":["GET"]}}],"collection":[{"href":"https:\/\/udv.edu.gt\/en\/wp-json\/wp\/v2\/posts"}],"about":[{"href":"https:\/\/udv.edu.gt\/en\/wp-json\/wp\/v2\/types\/post"}],"author":[{"embeddable":true,"href":"https:\/\/udv.edu.gt\/en\/wp-json\/wp\/v2\/users\/1"}],"replies":[{"embeddable":true,"href":"https:\/\/udv.edu.gt\/en\/wp-json\/wp\/v2\/comments?post=6099"}],"version-history":[{"count":0,"href":"https:\/\/udv.edu.gt\/en\/wp-json\/wp\/v2\/posts\/6099\/revisions"}],"wp:featuredmedia":[{"embeddable":true,"href":"https:\/\/udv.edu.gt\/en\/wp-json\/wp\/v2\/media\/6100"}],"wp:attachment":[{"href":"https:\/\/udv.edu.gt\/en\/wp-json\/wp\/v2\/media?parent=6099"}],"wp:term":[{"taxonomy":"category","embeddable":true,"href":"https:\/\/udv.edu.gt\/en\/wp-json\/wp\/v2\/categories?post=6099"},{"taxonomy":"post_tag","embeddable":true,"href":"https:\/\/udv.edu.gt\/en\/wp-json\/wp\/v2\/tags?post=6099"}],"curies":[{"name":"wp","href":"https:\/\/api.w.org\/{rel}","templated":true}]}}