{"id":6116,"date":"2024-03-21T16:08:58","date_gmt":"2024-03-21T15:08:58","guid":{"rendered":"https:\/\/udv.edu.gt\/vi-encuentro-academico\/"},"modified":"2024-03-21T16:08:58","modified_gmt":"2024-03-21T15:08:58","slug":"vi-encuentro-academico","status":"publish","type":"post","link":"https:\/\/udv.edu.gt\/en\/vi-encuentro-academico\/","title":{"rendered":"VI Encuentro Acad\u00e9mico"},"content":{"rendered":"<p>Universidad Da Vinci de Guatemala sede Quetzaltenango en coordinaci\u00f3n con el Ministerio de Educaci\u00f3n, refuerza su compromiso con la educaci\u00f3n y la seguridad de los colegios e institutos del departamento, al organizar el \u201cVI Encuentro Acad\u00e9mico con Directores de Quetzaltenango\u201d que tuvo como tema central &#8220;<strong><em>Prevenci\u00f3n de la Violencia Escolar<\/em><\/strong>&#8220;, una preocupaci\u00f3n fundamental para el bienestar de la comunidad educativa.<\/p>\n<p>El evento cont\u00f3 con la participaci\u00f3n de dos destacados ponentes en las \u00e1reas psicol\u00f3gica y jur\u00eddica, por un lado, el Mgtr. Luis \u00c1ngel Moir Sandoval, experto en psicolog\u00eda, quien resalt\u00f3 los riesgos psicol\u00f3gicos que enfrentan los estudiantes v\u00edctimas de acoso, ofreciendo herramientas para identificar y brindar atenci\u00f3n a aquellos alumnos con problemas de comportamiento o que sufren violencia; mientras que la Mgtr. Cecilia Aracely M\u00e9ndez Chicas, Delegada Regional de la Procuradur\u00eda General de la Naci\u00f3n (PGN), aport\u00f3 una perspectiva jur\u00eddica al abordar las leyes y art\u00edculos que regulan las sanciones educativas en casos de violencia escolar.<\/p>\n<p>Se examinaron casos reales de violencia escolar con el objetivo de identificar herramientas y soluciones efectivas y los directores demostraron un activo inter\u00e9s durante la actividad, participando en la ronda de preguntas y an\u00e1lisis junto a los ponentes.<\/p>\n<p>Autoridades acad\u00e9micas de Universidad Da Vinci de Guatemala, sede Quetzaltenango, se comprometen a extender estas capacitaciones a un mayor n\u00famero de centros educativos, con el fin de combatir la problem\u00e1tica de la violencia escolar y proteger la integridad de la comunidad estudiantil.<\/p>","protected":false},"excerpt":{"rendered":"<p>Universidad Da Vinci de Guatemala sede Quetzaltenango en coordinaci\u00f3n con el Ministerio de Educaci\u00f3n, refuerza su compromiso con la educaci\u00f3n y la seguridad de los colegios e institutos del departamento, al organizar el \u201cVI Encuentro Acad\u00e9mico con Directores de Quetzaltenango\u201d que tuvo como tema central &#8220;Prevenci\u00f3n de la Violencia Escolar&#8220;, una preocupaci\u00f3n fundamental para el [&hellip;]<\/p>\n","protected":false},"author":1,"featured_media":6049,"comment_status":"open","ping_status":"open","sticky":false,"template":"","format":"standard","meta":{"_acf_changed":false,"om_disable_all_campaigns":false,"inline_featured_image":false,"_monsterinsights_skip_tracking":false,"footnotes":""},"categories":[21,15],"tags":[],"class_list":["post-6116","post","type-post","status-publish","format-standard","has-post-thumbnail","hentry","category-educacion","category-institucional"],"acf":[],"aioseo_notices":[],"_links":{"self":[{"href":"https:\/\/udv.edu.gt\/en\/wp-json\/wp\/v2\/posts\/6116","targetHints":{"allow":["GET"]}}],"collection":[{"href":"https:\/\/udv.edu.gt\/en\/wp-json\/wp\/v2\/posts"}],"about":[{"href":"https:\/\/udv.edu.gt\/en\/wp-json\/wp\/v2\/types\/post"}],"author":[{"embeddable":true,"href":"https:\/\/udv.edu.gt\/en\/wp-json\/wp\/v2\/users\/1"}],"replies":[{"embeddable":true,"href":"https:\/\/udv.edu.gt\/en\/wp-json\/wp\/v2\/comments?post=6116"}],"version-history":[{"count":0,"href":"https:\/\/udv.edu.gt\/en\/wp-json\/wp\/v2\/posts\/6116\/revisions"}],"wp:featuredmedia":[{"embeddable":true,"href":"https:\/\/udv.edu.gt\/en\/wp-json\/wp\/v2\/media\/6049"}],"wp:attachment":[{"href":"https:\/\/udv.edu.gt\/en\/wp-json\/wp\/v2\/media?parent=6116"}],"wp:term":[{"taxonomy":"category","embeddable":true,"href":"https:\/\/udv.edu.gt\/en\/wp-json\/wp\/v2\/categories?post=6116"},{"taxonomy":"post_tag","embeddable":true,"href":"https:\/\/udv.edu.gt\/en\/wp-json\/wp\/v2\/tags?post=6116"}],"curies":[{"name":"wp","href":"https:\/\/api.w.org\/{rel}","templated":true}]}}