{"id":6125,"date":"2024-04-24T17:05:25","date_gmt":"2024-04-24T15:05:25","guid":{"rendered":"https:\/\/udv.edu.gt\/encuentrame-entre-libros\/"},"modified":"2026-03-09T19:58:19","modified_gmt":"2026-03-09T18:58:19","slug":"encuentrame-entre-libros","status":"publish","type":"post","link":"https:\/\/udv.edu.gt\/en\/encuentrame-entre-libros\/","title":{"rendered":"Encu\u00e9ntrame entre libros"},"content":{"rendered":"<p class=\"wp-block-paragraph\">Luego de un a\u00f1o del lanzamiento de \u201cEncu\u00e9ntrame entre libros\u201d de Enrique Longo. El davinciano recibe propuesta para crear un audiolibro, el cual fue producido en Barcelona.<br>\u201cEsta experiencia se ha convertido para m\u00ed en todo un viaje literario. Desde la publicaci\u00f3n del libro en Espa\u00f1a y toda Am\u00e9rica, y ahora, la producci\u00f3n del audiolibro. El cu\u00e1l est\u00e1 narrado por la Venezolana Tiffany Mart\u00ednez. Su voz hace que la historia cobre vida y pueda ser disfrutada por muchas personas en este formato. Creo que los audiolibros est\u00e1n hechos para aquellos que gozamos de poco tiempo libre. Estoy seguro que esta historia ser\u00e1 perfecta para acompa\u00f1ar a cualquiera en un largo viaje en carretera, o mientras se est\u00e1 en casa solo, o con la persona que amamos\u201d.<\/p>\n\n\n\n<p class=\"wp-block-paragraph\">Quienes ya han le\u00eddo \u201cEncu\u00e9ntrame entre libros\u201d, han destacado su mensaje de amor propio, valor hacia los amigos y el deseo de cumplir nuestros sue\u00f1os. Adem\u00e1s de incluir a un personaje con vit\u00edligo.<\/p>\n\n\n\n<p class=\"wp-block-paragraph\">La historia puede ser escuchada en varias plataformas, una de ellas; la web de Oriana Estudios de Barcelona:<\/p>\n\n\n\n<figure class=\"wp-block-embed\"><div class=\"wp-block-embed__wrapper\">\nhttps:\/\/orianastudios.com\/producto\/encuentrame-entre-libros\n<\/div><\/figure>\n\n\n\n<p class=\"wp-block-paragraph\">O a trav\u00e9s de Google Play:<\/p>\n\n\n\n<figure class=\"wp-block-embed\"><div class=\"wp-block-embed__wrapper\">\nhttps:\/\/play.google.com\/store\/audiobooks\/details\/Encuentrame_entre_libros?id=AQAAAEBibRwtbM&#038;hl=en_IN&#038;gl=IN\n<\/div><\/figure>","protected":false},"excerpt":{"rendered":"<p>Luego de un a\u00f1o del lanzamiento de \u201cEncu\u00e9ntrame entre libros\u201d de Enrique Longo. El davinciano recibe propuesta para crear un audiolibro, el cual fue producido en Barcelona.\u201cEsta experiencia se ha convertido para m\u00ed en todo un viaje literario. Desde la publicaci\u00f3n del libro en Espa\u00f1a y toda Am\u00e9rica, y ahora, la producci\u00f3n del audiolibro. El [&hellip;]<\/p>\n","protected":false},"author":1,"featured_media":6291,"comment_status":"open","ping_status":"open","sticky":false,"template":"","format":"standard","meta":{"_acf_changed":false,"om_disable_all_campaigns":false,"inline_featured_image":false,"_monsterinsights_skip_tracking":false,"footnotes":""},"categories":[21,15],"tags":[],"class_list":["post-6125","post","type-post","status-publish","format-standard","has-post-thumbnail","hentry","category-educacion","category-institucional"],"acf":[],"aioseo_notices":[],"_links":{"self":[{"href":"https:\/\/udv.edu.gt\/en\/wp-json\/wp\/v2\/posts\/6125","targetHints":{"allow":["GET"]}}],"collection":[{"href":"https:\/\/udv.edu.gt\/en\/wp-json\/wp\/v2\/posts"}],"about":[{"href":"https:\/\/udv.edu.gt\/en\/wp-json\/wp\/v2\/types\/post"}],"author":[{"embeddable":true,"href":"https:\/\/udv.edu.gt\/en\/wp-json\/wp\/v2\/users\/1"}],"replies":[{"embeddable":true,"href":"https:\/\/udv.edu.gt\/en\/wp-json\/wp\/v2\/comments?post=6125"}],"version-history":[{"count":2,"href":"https:\/\/udv.edu.gt\/en\/wp-json\/wp\/v2\/posts\/6125\/revisions"}],"predecessor-version":[{"id":12349,"href":"https:\/\/udv.edu.gt\/en\/wp-json\/wp\/v2\/posts\/6125\/revisions\/12349"}],"wp:featuredmedia":[{"embeddable":true,"href":"https:\/\/udv.edu.gt\/en\/wp-json\/wp\/v2\/media\/6291"}],"wp:attachment":[{"href":"https:\/\/udv.edu.gt\/en\/wp-json\/wp\/v2\/media?parent=6125"}],"wp:term":[{"taxonomy":"category","embeddable":true,"href":"https:\/\/udv.edu.gt\/en\/wp-json\/wp\/v2\/categories?post=6125"},{"taxonomy":"post_tag","embeddable":true,"href":"https:\/\/udv.edu.gt\/en\/wp-json\/wp\/v2\/tags?post=6125"}],"curies":[{"name":"wp","href":"https:\/\/api.w.org\/{rel}","templated":true}]}}