{"id":6127,"date":"2024-04-25T16:44:14","date_gmt":"2024-04-25T14:44:14","guid":{"rendered":"https:\/\/udv.edu.gt\/conferencia-sobre-el-impacto-de-la-enfermeria-en-la-sociedad-moderna\/"},"modified":"2024-04-25T16:44:14","modified_gmt":"2024-04-25T14:44:14","slug":"conferencia-sobre-el-impacto-de-la-enfermeria-en-la-sociedad-moderna","status":"publish","type":"post","link":"https:\/\/udv.edu.gt\/en\/conferencia-sobre-el-impacto-de-la-enfermeria-en-la-sociedad-moderna\/","title":{"rendered":"Conferencia sobre el Impacto de la Enfermer\u00eda en la Sociedad Moderna"},"content":{"rendered":"<p>#SedeQuetzaltenango Estudiantes del primer semestre del curso de Metodolog\u00eda del Estudio de la Facultad de Enfermer\u00eda y Ciencias de la Salud de la Universidad Da Vinci, Sede Quetzaltenango, participaron activamente en una conferencia en la que se abordaron temas clave en el campo de la enfermer\u00eda.<\/p>\n<p>Bajo la direcci\u00f3n de la Licenciada Ang\u00e9lica Garc\u00eda, Coordinadora de la carrera, se realiz\u00f3 la conferencia los &#8220;Cuidados de enfermer\u00eda en pacientes&#8221;, mientras que el Doctor Osvaldo Pac present\u00f3 sobre &#8220;El impacto de la enfermer\u00eda especializada en la sociedad moderna&#8221;.<\/p>\n<p>La jornada acad\u00e9mica se caracteriz\u00f3 por una participaci\u00f3n comprometida y entusiasta de los estudiantes, quienes demostraron un notable inter\u00e9s en ampliar sus conocimientos en el \u00e1mbito de la salud. El intercambio de ideas y la atenci\u00f3n prestada durante las exposiciones fueron aspectos destacados de este evento.<\/p>\n<p>Estas actividades, promovidas por la Universidad Da Vinci sede Quetzaltenango, subrayan el compromiso de la instituci\u00f3n con la formaci\u00f3n integral de sus estudiantes. Adem\u00e1s, resaltan la importancia de la educaci\u00f3n continua y el intercambio de conocimientos como pilares fundamentales para el desarrollo profesional en el campo de la salud.<\/p>\n<p>la conferencia brind\u00f3 una valiosa oportunidad para que los futuros profesionales de la enfermer\u00eda fortalezcan sus habilidades y contribuyan al bienestar de la sociedad.<\/p>","protected":false},"excerpt":{"rendered":"<p>#SedeQuetzaltenango Estudiantes del primer semestre del curso de Metodolog\u00eda del Estudio de la Facultad de Enfermer\u00eda y Ciencias de la Salud de la Universidad Da Vinci, Sede Quetzaltenango, participaron activamente en una conferencia en la que se abordaron temas clave en el campo de la enfermer\u00eda. Bajo la direcci\u00f3n de la Licenciada Ang\u00e9lica Garc\u00eda, Coordinadora [&hellip;]<\/p>\n","protected":false},"author":1,"featured_media":6128,"comment_status":"open","ping_status":"open","sticky":false,"template":"","format":"standard","meta":{"_acf_changed":false,"om_disable_all_campaigns":false,"inline_featured_image":false,"_monsterinsights_skip_tracking":false,"footnotes":""},"categories":[21,15],"tags":[],"class_list":["post-6127","post","type-post","status-publish","format-standard","has-post-thumbnail","hentry","category-educacion","category-institucional"],"acf":[],"aioseo_notices":[],"_links":{"self":[{"href":"https:\/\/udv.edu.gt\/en\/wp-json\/wp\/v2\/posts\/6127","targetHints":{"allow":["GET"]}}],"collection":[{"href":"https:\/\/udv.edu.gt\/en\/wp-json\/wp\/v2\/posts"}],"about":[{"href":"https:\/\/udv.edu.gt\/en\/wp-json\/wp\/v2\/types\/post"}],"author":[{"embeddable":true,"href":"https:\/\/udv.edu.gt\/en\/wp-json\/wp\/v2\/users\/1"}],"replies":[{"embeddable":true,"href":"https:\/\/udv.edu.gt\/en\/wp-json\/wp\/v2\/comments?post=6127"}],"version-history":[{"count":0,"href":"https:\/\/udv.edu.gt\/en\/wp-json\/wp\/v2\/posts\/6127\/revisions"}],"wp:featuredmedia":[{"embeddable":true,"href":"https:\/\/udv.edu.gt\/en\/wp-json\/wp\/v2\/media\/6128"}],"wp:attachment":[{"href":"https:\/\/udv.edu.gt\/en\/wp-json\/wp\/v2\/media?parent=6127"}],"wp:term":[{"taxonomy":"category","embeddable":true,"href":"https:\/\/udv.edu.gt\/en\/wp-json\/wp\/v2\/categories?post=6127"},{"taxonomy":"post_tag","embeddable":true,"href":"https:\/\/udv.edu.gt\/en\/wp-json\/wp\/v2\/tags?post=6127"}],"curies":[{"name":"wp","href":"https:\/\/api.w.org\/{rel}","templated":true}]}}