{"id":6137,"date":"2024-05-06T10:42:55","date_gmt":"2024-05-06T08:42:55","guid":{"rendered":"https:\/\/udv.edu.gt\/taller-de-implicaciones-medico-legales-en-la-universidad-da-vinci-sede-quetzaltenango\/"},"modified":"2025-11-11T19:06:58","modified_gmt":"2025-11-11T18:06:58","slug":"taller-de-implicaciones-medico-legales-en-la-universidad-da-vinci-sede-quetzaltenango","status":"publish","type":"post","link":"https:\/\/udv.edu.gt\/en\/taller-de-implicaciones-medico-legales-en-la-universidad-da-vinci-sede-quetzaltenango\/","title":{"rendered":"Taller de Implicaciones M\u00e9dico Legales en la Universidad Da Vinci, sede Quetzaltenango"},"content":{"rendered":"<p><span style=\"font-weight: 400;\">La Universidad Da Vinci, en su incansable compromiso por formar excelentes profesionales, contin\u00faa enriqueciendo la experiencia educativa de sus estudiantes mediante la realizaci\u00f3n de talleres especializados. Recientemente, 120 j\u00f3venes pertenecientes al segundo a\u00f1o de la carrera de Ciencias Cl\u00ednicas de la Facultad de Ciencias M\u00e9dicas y de la Vida, tuvieron el privilegio de participar en el taller titulado &#8220;Implicaciones M\u00e9dico Legales&#8221;.<\/span><\/p>\n<p><span style=\"font-weight: 400;\">El evento se llev\u00f3 a cabo en las instalaciones de la universidad y cont\u00f3 con la destacada presencia del Licenciado Mario Laparra, reconocido experto en la materia, quien abord\u00f3 de manera activa y detallada diversos temas de gran relevancia para los futuros profesionales de la salud. Entre los temas tratados se incluyeron: &#8220;Responsabilidad M\u00e9dica&#8221;, &#8220;\u00c9tica Profesional&#8221; y &#8220;Las Implicaciones Legales de la Mala Praxis&#8221;.<\/span><\/p>\n<p><span style=\"font-weight: 400;\">El \u00e9xito de este taller fue posible gracias a la dedicaci\u00f3n y coordinaci\u00f3n de la Licenciada Reyna Laparra, quien desempe\u00f1\u00f3 un papel fundamental en la organizaci\u00f3n del evento en el marco del curso de Ciencias Cl\u00ednicas. La participaci\u00f3n activa de los estudiantes y el enriquecedor intercambio de conocimientos sin duda contribuir\u00e1n a la formaci\u00f3n integral y la excelencia profesional de los futuros graduados de la Universidad Da Vinci.<\/span><\/p>","protected":false},"excerpt":{"rendered":"<p>La Universidad Da Vinci, en su incansable compromiso por formar excelentes profesionales, contin\u00faa enriqueciendo la experiencia educativa de sus estudiantes mediante la realizaci\u00f3n de talleres especializados. Recientemente, 120 j\u00f3venes pertenecientes al segundo a\u00f1o de la carrera de Ciencias Cl\u00ednicas de la Facultad de Ciencias M\u00e9dicas y de la Vida, tuvieron el privilegio de participar en [&hellip;]<\/p>\n","protected":false},"author":1,"featured_media":6285,"comment_status":"open","ping_status":"open","sticky":false,"template":"","format":"standard","meta":{"_acf_changed":false,"om_disable_all_campaigns":false,"inline_featured_image":false,"_monsterinsights_skip_tracking":false,"footnotes":""},"categories":[15],"tags":[],"class_list":["post-6137","post","type-post","status-publish","format-standard","has-post-thumbnail","hentry","category-institucional"],"acf":[],"aioseo_notices":[],"_links":{"self":[{"href":"https:\/\/udv.edu.gt\/en\/wp-json\/wp\/v2\/posts\/6137","targetHints":{"allow":["GET"]}}],"collection":[{"href":"https:\/\/udv.edu.gt\/en\/wp-json\/wp\/v2\/posts"}],"about":[{"href":"https:\/\/udv.edu.gt\/en\/wp-json\/wp\/v2\/types\/post"}],"author":[{"embeddable":true,"href":"https:\/\/udv.edu.gt\/en\/wp-json\/wp\/v2\/users\/1"}],"replies":[{"embeddable":true,"href":"https:\/\/udv.edu.gt\/en\/wp-json\/wp\/v2\/comments?post=6137"}],"version-history":[{"count":1,"href":"https:\/\/udv.edu.gt\/en\/wp-json\/wp\/v2\/posts\/6137\/revisions"}],"predecessor-version":[{"id":6286,"href":"https:\/\/udv.edu.gt\/en\/wp-json\/wp\/v2\/posts\/6137\/revisions\/6286"}],"wp:featuredmedia":[{"embeddable":true,"href":"https:\/\/udv.edu.gt\/en\/wp-json\/wp\/v2\/media\/6285"}],"wp:attachment":[{"href":"https:\/\/udv.edu.gt\/en\/wp-json\/wp\/v2\/media?parent=6137"}],"wp:term":[{"taxonomy":"category","embeddable":true,"href":"https:\/\/udv.edu.gt\/en\/wp-json\/wp\/v2\/categories?post=6137"},{"taxonomy":"post_tag","embeddable":true,"href":"https:\/\/udv.edu.gt\/en\/wp-json\/wp\/v2\/tags?post=6137"}],"curies":[{"name":"wp","href":"https:\/\/api.w.org\/{rel}","templated":true}]}}